{"id":1020,"date":"2019-01-29T11:14:34","date_gmt":"2019-01-29T11:14:34","guid":{"rendered":"http:\/\/ute-rieder.de\/?p=1020"},"modified":"2019-10-02T07:47:46","modified_gmt":"2019-10-02T07:47:46","slug":"ausstellung-talstation-muenstertal","status":"publish","type":"post","link":"https:\/\/ute-rieder.de\/?p=1020","title":{"rendered":"Ausstellung Talstation M\u00fcnstertal"},"content":{"rendered":"\n<p style=\"text-align:center\">AUSSTELLUNG &#8222;Gegens\u00e4tze&#8220;<br>Im Cafe-Restaurant TALSTATION (Belchen-Center) , Dietzenbachstr.1,<br>79344 M\u00fcnstertal vom 08. M\u00e4rz bis 28.September\u00a02019<br>Vernissage: 08.M\u00e4rz, 18 Uhr <\/p>\n\n\n\n<p>In der neuen Ausstellung im Caf\u00e9 &#8222;Talstation&#8220; in M\u00fcnstertal ist das Publikum von der Vielfalt der Kunst der vier K\u00fcnstlerinnen fasziniert.<br>F\u00fcr Renate Keller ist Malen die M\u00f6glichkeit auf emotionale Art Gef\u00fchle<br>und Eindr\u00fccke wieder zu geben. Die Farben ihrer Bilder dr\u00fccken<br>Stimmungen aus, lassen den Betrachter die Freude des Malens , die sie<br>empfindet, sp\u00fcren. <br>Sie zeigt ihren &#8222;Sternzeichen Zyklus &#8220; in fig\u00fcrlicher Darstellung. Ihre Malweise ist die altmeisterliche Lasurtechnik in \u00d6l auf Leinwand.<br>Explosive fr\u00f6hliche Variationen (&#8222;Umut\/Hoffnung&#8220;) zeigt Ute Rieder aus<br>Merzhausen: Augen &#8211; also Fig\u00fcrliches &#8211; sind vielfach in die abstrakten<br>Spielereien integriert als Blick in die Seele des Menschen.<\/p>\n\n\n\n<p>Bei den Skulpturen von Waltraud  G\u00e4nssmantel stehen  immer wieder Frauen im Mittelpunkt, ob als Torso oder selbstbewu\u00dfte \u201cDicke\u201d. Aber auch Tierskulpturen wie Stiere und Fische modeliert sie mit gro\u00dfer Hingabe. <\/p>\n\n\n\n<p>Sabina Hohmann arbeitet in Acryl und \u00d6l auf verschiedenen Untergr\u00fcnden.<\/p>\n\n\n\n<p>Die neue Ausstellung, bei der \u00fcber 20 Gem\u00e4lde und Skulpturen im Hauptraum sowie 14 Gem\u00e4lde im Obergeschoss und Treppengang gezeigt werden,  bietet eine \u00fcberraschende Vielfalt an k\u00fcnstlerischen Erfahrungen und Ausdrucksm\u00f6glichkeiten. Diese Vielfalt wird auch durch wechselnde Werke noch erg\u00e4nzt.  Die K\u00fcnstlerinnen versuchen, die Gestimmtheit der Weltseele (und ihrer eigenen) zu ergr\u00fcnden und die Erfahrung der Natur in ihrer Einheit und Lebendigkeit auszudr\u00fccken, als deren Teil sich der Mensch begreift:<br>&#8222;Weltseele, komm, uns zu durchdringen!&#8220; (J. W. Goethe) <\/p>\n\n\n\n<p><\/p>\n\n\n\n<figure class=\"wp-block-image\"><img loading=\"lazy\" decoding=\"async\" width=\"1024\" height=\"1003\" src=\"http:\/\/ute-rieder.de\/wp-content\/uploads\/2019\/03\/Gegens\u00e4tze-1024x1003.jpg\" alt=\"\" class=\"wp-image-1047\" srcset=\"https:\/\/ute-rieder.de\/wp-content\/uploads\/2019\/03\/Gegens\u00e4tze-1024x1003.jpg 1024w, https:\/\/ute-rieder.de\/wp-content\/uploads\/2019\/03\/Gegens\u00e4tze-300x294.jpg 300w, https:\/\/ute-rieder.de\/wp-content\/uploads\/2019\/03\/Gegens\u00e4tze-768x753.jpg 768w, https:\/\/ute-rieder.de\/wp-content\/uploads\/2019\/03\/Gegens\u00e4tze.jpg 1440w\" sizes=\"auto, (max-width: 1024px) 100vw, 1024px\" \/><\/figure>\n\n\n\n<p><\/p>\n<h3>Related Images:<\/h3><p>Views: 11<\/p>","protected":false},"excerpt":{"rendered":"<p>AUSSTELLUNG &#8222;Gegens\u00e4tze&#8220;Im Cafe-Restaurant TALSTATION (Belchen-Center) , Dietzenbachstr.1,79344 M\u00fcnstertal vom 08. M\u00e4rz bis 28.September\u00a02019Vernissage: 08.M\u00e4rz, 18 Uhr In der neuen Ausstellung im Caf\u00e9 &#8222;Talstation&#8220; in M\u00fcnstertal ist das Publikum von der Vielfalt der Kunst der vier K\u00fcnstlerinnen fasziniert.F\u00fcr Renate Keller ist Malen die M\u00f6glichkeit auf emotionale Art Gef\u00fchleund Eindr\u00fccke wieder zu geben. Die Farben ihrer Bilder [&hellip;]<\/p>\n","protected":false},"author":1,"featured_media":0,"comment_status":"closed","ping_status":"open","sticky":false,"template":"","format":"standard","meta":{"ngg_post_thumbnail":0,"footnotes":""},"categories":[1],"tags":[],"class_list":["post-1020","post","type-post","status-publish","format-standard","hentry","category-ausstellungen-2019-1"],"_links":{"self":[{"href":"https:\/\/ute-rieder.de\/index.php?rest_route=\/wp\/v2\/posts\/1020","targetHints":{"allow":["GET"]}}],"collection":[{"href":"https:\/\/ute-rieder.de\/index.php?rest_route=\/wp\/v2\/posts"}],"about":[{"href":"https:\/\/ute-rieder.de\/index.php?rest_route=\/wp\/v2\/types\/post"}],"author":[{"embeddable":true,"href":"https:\/\/ute-rieder.de\/index.php?rest_route=\/wp\/v2\/users\/1"}],"replies":[{"embeddable":true,"href":"https:\/\/ute-rieder.de\/index.php?rest_route=%2Fwp%2Fv2%2Fcomments&post=1020"}],"version-history":[{"count":10,"href":"https:\/\/ute-rieder.de\/index.php?rest_route=\/wp\/v2\/posts\/1020\/revisions"}],"predecessor-version":[{"id":1202,"href":"https:\/\/ute-rieder.de\/index.php?rest_route=\/wp\/v2\/posts\/1020\/revisions\/1202"}],"wp:attachment":[{"href":"https:\/\/ute-rieder.de\/index.php?rest_route=%2Fwp%2Fv2%2Fmedia&parent=1020"}],"wp:term":[{"taxonomy":"category","embeddable":true,"href":"https:\/\/ute-rieder.de\/index.php?rest_route=%2Fwp%2Fv2%2Fcategories&post=1020"},{"taxonomy":"post_tag","embeddable":true,"href":"https:\/\/ute-rieder.de\/index.php?rest_route=%2Fwp%2Fv2%2Ftags&post=1020"}],"curies":[{"name":"wp","href":"https:\/\/api.w.org\/{rel}","templated":true}]}}